{"id":8930,"date":"2023-07-28T13:07:40","date_gmt":"2023-07-28T11:07:40","guid":{"rendered":"https:\/\/www.nazca.es\/noticias\/soy-olivia-media-group-integra-a-bushido-talent-agencia-lider-del-sector-genz\/"},"modified":"2023-07-28T13:10:18","modified_gmt":"2023-07-28T11:10:18","slug":"soy-olivia-media-group-joins-with-bushido-talent-a-leading-genz-agency","status":"publish","type":"post","link":"https:\/\/www.nazca.es\/en\/noticias\/soy-olivia-media-group-joins-with-bushido-talent-a-leading-genz-agency\/","title":{"rendered":"Soy Olivia Media Group joins with Bushido Talent, a leading genz agency"},"content":{"rendered":"<ul>\n<li><em>This is a strategic partnership with the goal of expanding market share and strengthening the positioning of the resulting company in the entertainment sector and new platforms of the generation Z.<\/em><\/li>\n<li><em>Soy Olivia Media Group expects to close 2023 with a turnover of \u20ac18 million, including the contribution of Bushido Talent.<\/em><\/li>\n<\/ul>\n<p><em>Madrid, July 27th, 2023.- <\/em><strong>Soy Olivia Media Group<\/strong>, a leading influencer marketing company in Spain, has confirmed the partnership with the pioneer agency in entertainment and new generations, Bushido Talent. The holding company aims to expand its market share, as well as its positioning as a benchmark in the representation of digital talent and as a global agency focused on influencer and social marketing.<\/p>\n<p>Javier Garc\u00eda-Gallo, founding partner of Soy Olivia MG, says: <em>&#8220;Under our philosophy of advancing every day as consultants and consumers, we believe in constant specialization. The joining withBushido Talent is key because of its know-how within the GENZ world as well as in new platforms. This, together with its human team and work processes, will be an added value that will allow us to increase the value proposition to our customers&#8221;.<\/em><\/p>\n<p>This alliance is another step forward for <strong>Soy Olivia Media Group<\/strong> to offer a broader service that responds to a demand from the sector, towards new channels and territories. This union comes with a clear focus on generation Z and the world of entertainment. An innovative collaboration that will keep their teams organized independently, maintaining their own identity and methodologies, generating synergies between the two companies.<\/p>\n<p><em>&#8220;The entry in Soy Olivia MG is a great opportunity for growth. Joining a consolidated holding company and pioneer in the sector to an expertise in new platforms such as TikTok &amp; Twitch oriented to new generations. A perfect combination of positioning and diversification,&#8221; <\/em>says Mohamed Elben, founder and CEO of Bushido Talent.<\/p>\n<p>Soy Olivia was founded in 2015 as a pioneer agency in the representation of Influencers, has been led by Daniela Rodr\u00edguez, Eduardo Garc\u00eda Alier and Javier Garc\u00eda-Gallo. With continuous innovation, they decide to integrate different verticals of high added value in design and campaign management (NOMADS) and content creation (ONCEUNO). After the incorporation of the investment fund Nazca Capital, to its shareholding in 2022, the addition of this new division focused on generation Z and the world of entertainment and new formats, stands as a value of growth and consolidation, maintaining a unique and creative approach within digital marketing (&#8220;Breaking Rules Through Social Influence&#8221;). Soy Olivia Media Group expects to close 2023 with a turnover of \u20ac18 million, including the contribution of Bushido Talent.<\/p>\n<p>Bushido Talent has been advised by AW Investment Advisory and Garrigues and Soy Olivia by KPMG and P\u00e9rez-Llorca.<\/p>\n<p><strong><em>About Soy Olivia<\/em><\/strong><\/p>\n<p>SO Media Group is a holding company specialized in Influencer Marketing, native advertising on social platforms, creativity and digital consulting. Founded in 2015, it has been part of the market growth of brands and influencers generating value through content. Its differential value is born from the conception of social marketing as a conversation between advertisers and audiences as an organic and effective experience. The figures achieved in 2022 with more than 250 new clients, a 16% increase in investment in recurring clients, more than 500 collaborating influencers and 100 audiovisual productions, are a claim as a representation, campaign management and content creative agency.<\/p>\n<p>For more information:<\/p>\n<p>SOMG &#8211; Press&amp;PR<\/p>\n<p>Patricia Carre\u00f1o &#8211; 647249840<\/p>\n<p><a href=\"mailto:patriciac@soyoliviamg.com\">patriciac@soyoliviamg.com<\/a><\/p>\n<p><strong><em>About Nazca <\/em><\/strong><\/p>\n<p>Nazca is a private equity firm specialised in the Spanish low-mid market. Nazca leads its market segment, both in terms of the volume of transactions carried out and the returns obtained on its investments. Since 2001, Nazca has fully invested Funds I, II and III with sizes of \u20ac100 million, \u20ac150 million and \u20ac230 million respectively, having made 99 transactions: 42 direct investments in companies, 30 additional acquisitions of companies from its portfolio and 26 divestments.<\/p>\n<p>It currently manages simultaneously the \u20ac300 million Nazca IV Fund and the \u20ac150 million Nazca Small Cap I Fund (Nazca SCI) to invest in smaller SMEs, both funds committed primarily by international institutional investors. For more information, please visit \u00a0<a href=\"http:\/\/www.nazca.es\">www.nazca.es<\/a><strong><em>\u00a0<\/em><\/strong><\/p>\n<p>For more information:<\/p>\n<p>Abigail Diaz-Agero (689033562) \/ Carlota Vic\u00e9n (609609547)<\/p>\n<p>HARMON &#8211; nazca@harmon.es<\/p>\n<p><img loading=\"lazy\" decoding=\"async\" class=\"alignnone size-full wp-image-8926\" src=\"https:\/\/www.nazca.es\/wp-content\/uploads\/2023\/07\/logo-harmon.png\" alt=\"\" width=\"169\" height=\"109\" \/><\/p>\n","protected":false},"excerpt":{"rendered":"<p>This is a strategic partnership with the goal of expanding market share and strengthening the positioning of the resulting company in the entertainment sector and new platforms of the generation Z. Soy Olivia Media Group expects to close 2023 with a turnover of \u20ac18 million, including the contribution of Bushido Talent. Madrid, July 27th, 2023.- [&hellip;]<\/p>\n","protected":false},"author":1,"featured_media":8924,"comment_status":"open","ping_status":"open","sticky":false,"template":"","format":"standard","meta":{"_acf_changed":false,"footnotes":""},"categories":[12,1],"tags":[],"class_list":["post-8930","post","type-post","status-publish","format-standard","has-post-thumbnail","hentry","category-nazca-en","category-sin-categorizar"],"acf":[],"yoast_head":"<!-- This site is optimized with the Yoast SEO plugin v27.1.1 - https:\/\/yoast.com\/product\/yoast-seo-wordpress\/ -->\n<title>Soy Olivia Media Group joins with Bushido Talent, a leading genz agency | Nazca<\/title>\n<meta name=\"robots\" content=\"index, follow, max-snippet:-1, max-image-preview:large, max-video-preview:-1\" \/>\n<link rel=\"canonical\" href=\"https:\/\/www.nazca.es\/en\/noticias\/soy-olivia-media-group-joins-with-bushido-talent-a-leading-genz-agency\/\" \/>\n<meta property=\"og:locale\" content=\"en_US\" \/>\n<meta property=\"og:type\" content=\"article\" \/>\n<meta property=\"og:title\" content=\"Soy Olivia Media Group joins with Bushido Talent, a leading genz agency | Nazca\" \/>\n<meta property=\"og:description\" content=\"This is a strategic partnership with the goal of expanding market share and strengthening the positioning of the resulting company in the entertainment sector and new platforms of the generation Z. Soy Olivia Media Group expects to close 2023 with a turnover of \u20ac18 million, including the contribution of Bushido Talent. Madrid, July 27th, 2023.- [&hellip;]\" \/>\n<meta property=\"og:url\" content=\"https:\/\/www.nazca.es\/en\/noticias\/soy-olivia-media-group-joins-with-bushido-talent-a-leading-genz-agency\/\" \/>\n<meta property=\"og:site_name\" content=\"Nazca\" \/>\n<meta property=\"article:published_time\" content=\"2023-07-28T11:07:40+00:00\" \/>\n<meta property=\"article:modified_time\" content=\"2023-07-28T11:10:18+00:00\" \/>\n<meta property=\"og:image\" content=\"https:\/\/www.nazca.es\/wp-content\/uploads\/2023\/07\/noticia-olivia-grande-1.jpg\" \/>\n\t<meta property=\"og:image:width\" content=\"1300\" \/>\n\t<meta property=\"og:image:height\" content=\"731\" \/>\n\t<meta property=\"og:image:type\" content=\"image\/jpeg\" \/>\n<meta name=\"author\" content=\"nazcaEstra\" \/>\n<meta name=\"twitter:card\" content=\"summary_large_image\" \/>\n<meta name=\"twitter:label1\" content=\"Written by\" \/>\n\t<meta name=\"twitter:data1\" content=\"nazcaEstra\" \/>\n\t<meta name=\"twitter:label2\" content=\"Est. reading time\" \/>\n\t<meta name=\"twitter:data2\" content=\"4 minutes\" \/>\n<script type=\"application\/ld+json\" class=\"yoast-schema-graph\">{\"@context\":\"https:\/\/schema.org\",\"@graph\":[{\"@type\":\"Article\",\"@id\":\"https:\/\/www.nazca.es\/en\/noticias\/soy-olivia-media-group-joins-with-bushido-talent-a-leading-genz-agency\/#article\",\"isPartOf\":{\"@id\":\"https:\/\/www.nazca.es\/en\/noticias\/soy-olivia-media-group-joins-with-bushido-talent-a-leading-genz-agency\/\"},\"author\":{\"name\":\"nazcaEstra\",\"@id\":\"https:\/\/www.nazca.es\/en\/#\/schema\/person\/54967e453a4045cfd2a24b075c3aa8b6\"},\"headline\":\"Soy Olivia Media Group joins with Bushido Talent, a leading genz agency\",\"datePublished\":\"2023-07-28T11:07:40+00:00\",\"dateModified\":\"2023-07-28T11:10:18+00:00\",\"mainEntityOfPage\":{\"@id\":\"https:\/\/www.nazca.es\/en\/noticias\/soy-olivia-media-group-joins-with-bushido-talent-a-leading-genz-agency\/\"},\"wordCount\":696,\"commentCount\":0,\"publisher\":{\"@id\":\"https:\/\/www.nazca.es\/en\/#organization\"},\"image\":{\"@id\":\"https:\/\/www.nazca.es\/en\/noticias\/soy-olivia-media-group-joins-with-bushido-talent-a-leading-genz-agency\/#primaryimage\"},\"thumbnailUrl\":\"https:\/\/www.nazca.es\/wp-content\/uploads\/2023\/07\/noticia-olivia-grande-1.jpg\",\"articleSection\":[\"Nazca\",\"Sin categorizar\"],\"inLanguage\":\"en-US\",\"potentialAction\":[{\"@type\":\"CommentAction\",\"name\":\"Comment\",\"target\":[\"https:\/\/www.nazca.es\/en\/noticias\/soy-olivia-media-group-joins-with-bushido-talent-a-leading-genz-agency\/#respond\"]}]},{\"@type\":\"WebPage\",\"@id\":\"https:\/\/www.nazca.es\/en\/noticias\/soy-olivia-media-group-joins-with-bushido-talent-a-leading-genz-agency\/\",\"url\":\"https:\/\/www.nazca.es\/en\/noticias\/soy-olivia-media-group-joins-with-bushido-talent-a-leading-genz-agency\/\",\"name\":\"Soy Olivia Media Group joins with Bushido Talent, a leading genz agency | Nazca\",\"isPartOf\":{\"@id\":\"https:\/\/www.nazca.es\/en\/#website\"},\"primaryImageOfPage\":{\"@id\":\"https:\/\/www.nazca.es\/en\/noticias\/soy-olivia-media-group-joins-with-bushido-talent-a-leading-genz-agency\/#primaryimage\"},\"image\":{\"@id\":\"https:\/\/www.nazca.es\/en\/noticias\/soy-olivia-media-group-joins-with-bushido-talent-a-leading-genz-agency\/#primaryimage\"},\"thumbnailUrl\":\"https:\/\/www.nazca.es\/wp-content\/uploads\/2023\/07\/noticia-olivia-grande-1.jpg\",\"datePublished\":\"2023-07-28T11:07:40+00:00\",\"dateModified\":\"2023-07-28T11:10:18+00:00\",\"breadcrumb\":{\"@id\":\"https:\/\/www.nazca.es\/en\/noticias\/soy-olivia-media-group-joins-with-bushido-talent-a-leading-genz-agency\/#breadcrumb\"},\"inLanguage\":\"en-US\",\"potentialAction\":[{\"@type\":\"ReadAction\",\"target\":[\"https:\/\/www.nazca.es\/en\/noticias\/soy-olivia-media-group-joins-with-bushido-talent-a-leading-genz-agency\/\"]}]},{\"@type\":\"ImageObject\",\"inLanguage\":\"en-US\",\"@id\":\"https:\/\/www.nazca.es\/en\/noticias\/soy-olivia-media-group-joins-with-bushido-talent-a-leading-genz-agency\/#primaryimage\",\"url\":\"https:\/\/www.nazca.es\/wp-content\/uploads\/2023\/07\/noticia-olivia-grande-1.jpg\",\"contentUrl\":\"https:\/\/www.nazca.es\/wp-content\/uploads\/2023\/07\/noticia-olivia-grande-1.jpg\",\"width\":1300,\"height\":731},{\"@type\":\"BreadcrumbList\",\"@id\":\"https:\/\/www.nazca.es\/en\/noticias\/soy-olivia-media-group-joins-with-bushido-talent-a-leading-genz-agency\/#breadcrumb\",\"itemListElement\":[{\"@type\":\"ListItem\",\"position\":1,\"name\":\"Home\",\"item\":\"https:\/\/www.nazca.es\/en\/\"},{\"@type\":\"ListItem\",\"position\":2,\"name\":\"Soy Olivia Media Group joins with Bushido Talent, a leading genz agency\"}]},{\"@type\":\"WebSite\",\"@id\":\"https:\/\/www.nazca.es\/en\/#website\",\"url\":\"https:\/\/www.nazca.es\/en\/\",\"name\":\"Nazca\",\"description\":\"Private Equity\",\"publisher\":{\"@id\":\"https:\/\/www.nazca.es\/en\/#organization\"},\"potentialAction\":[{\"@type\":\"SearchAction\",\"target\":{\"@type\":\"EntryPoint\",\"urlTemplate\":\"https:\/\/www.nazca.es\/en\/?s={search_term_string}\"},\"query-input\":{\"@type\":\"PropertyValueSpecification\",\"valueRequired\":true,\"valueName\":\"search_term_string\"}}],\"inLanguage\":\"en-US\"},{\"@type\":\"Organization\",\"@id\":\"https:\/\/www.nazca.es\/en\/#organization\",\"name\":\"Nazca\",\"url\":\"https:\/\/www.nazca.es\/en\/\",\"logo\":{\"@type\":\"ImageObject\",\"inLanguage\":\"en-US\",\"@id\":\"https:\/\/www.nazca.es\/en\/#\/schema\/logo\/image\/\",\"url\":\"https:\/\/www.nazca.es\/wp-content\/uploads\/2026\/01\/logo-header.png\",\"contentUrl\":\"https:\/\/www.nazca.es\/wp-content\/uploads\/2026\/01\/logo-header.png\",\"width\":93,\"height\":59,\"caption\":\"Nazca\"},\"image\":{\"@id\":\"https:\/\/www.nazca.es\/en\/#\/schema\/logo\/image\/\"}},{\"@type\":\"Person\",\"@id\":\"https:\/\/www.nazca.es\/en\/#\/schema\/person\/54967e453a4045cfd2a24b075c3aa8b6\",\"name\":\"nazcaEstra\",\"image\":{\"@type\":\"ImageObject\",\"inLanguage\":\"en-US\",\"@id\":\"https:\/\/www.nazca.es\/en\/#\/schema\/person\/image\/\",\"url\":\"https:\/\/secure.gravatar.com\/avatar\/1e7b9c6a55e1195f78c4f527f44d4745efd88a708eb80406b90771d4d4703e86?s=96&d=mm&r=g\",\"contentUrl\":\"https:\/\/secure.gravatar.com\/avatar\/1e7b9c6a55e1195f78c4f527f44d4745efd88a708eb80406b90771d4d4703e86?s=96&d=mm&r=g\",\"caption\":\"nazcaEstra\"}}]}<\/script>\n<!-- \/ Yoast SEO plugin. -->","yoast_head_json":{"title":"Soy Olivia Media Group joins with Bushido Talent, a leading genz agency | Nazca","robots":{"index":"index","follow":"follow","max-snippet":"max-snippet:-1","max-image-preview":"max-image-preview:large","max-video-preview":"max-video-preview:-1"},"canonical":"https:\/\/www.nazca.es\/en\/noticias\/soy-olivia-media-group-joins-with-bushido-talent-a-leading-genz-agency\/","og_locale":"en_US","og_type":"article","og_title":"Soy Olivia Media Group joins with Bushido Talent, a leading genz agency | Nazca","og_description":"This is a strategic partnership with the goal of expanding market share and strengthening the positioning of the resulting company in the entertainment sector and new platforms of the generation Z. Soy Olivia Media Group expects to close 2023 with a turnover of \u20ac18 million, including the contribution of Bushido Talent. Madrid, July 27th, 2023.- [&hellip;]","og_url":"https:\/\/www.nazca.es\/en\/noticias\/soy-olivia-media-group-joins-with-bushido-talent-a-leading-genz-agency\/","og_site_name":"Nazca","article_published_time":"2023-07-28T11:07:40+00:00","article_modified_time":"2023-07-28T11:10:18+00:00","og_image":[{"width":1300,"height":731,"url":"https:\/\/www.nazca.es\/wp-content\/uploads\/2023\/07\/noticia-olivia-grande-1.jpg","type":"image\/jpeg"}],"author":"nazcaEstra","twitter_card":"summary_large_image","twitter_misc":{"Written by":"nazcaEstra","Est. reading time":"4 minutes"},"schema":{"@context":"https:\/\/schema.org","@graph":[{"@type":"Article","@id":"https:\/\/www.nazca.es\/en\/noticias\/soy-olivia-media-group-joins-with-bushido-talent-a-leading-genz-agency\/#article","isPartOf":{"@id":"https:\/\/www.nazca.es\/en\/noticias\/soy-olivia-media-group-joins-with-bushido-talent-a-leading-genz-agency\/"},"author":{"name":"nazcaEstra","@id":"https:\/\/www.nazca.es\/en\/#\/schema\/person\/54967e453a4045cfd2a24b075c3aa8b6"},"headline":"Soy Olivia Media Group joins with Bushido Talent, a leading genz agency","datePublished":"2023-07-28T11:07:40+00:00","dateModified":"2023-07-28T11:10:18+00:00","mainEntityOfPage":{"@id":"https:\/\/www.nazca.es\/en\/noticias\/soy-olivia-media-group-joins-with-bushido-talent-a-leading-genz-agency\/"},"wordCount":696,"commentCount":0,"publisher":{"@id":"https:\/\/www.nazca.es\/en\/#organization"},"image":{"@id":"https:\/\/www.nazca.es\/en\/noticias\/soy-olivia-media-group-joins-with-bushido-talent-a-leading-genz-agency\/#primaryimage"},"thumbnailUrl":"https:\/\/www.nazca.es\/wp-content\/uploads\/2023\/07\/noticia-olivia-grande-1.jpg","articleSection":["Nazca","Sin categorizar"],"inLanguage":"en-US","potentialAction":[{"@type":"CommentAction","name":"Comment","target":["https:\/\/www.nazca.es\/en\/noticias\/soy-olivia-media-group-joins-with-bushido-talent-a-leading-genz-agency\/#respond"]}]},{"@type":"WebPage","@id":"https:\/\/www.nazca.es\/en\/noticias\/soy-olivia-media-group-joins-with-bushido-talent-a-leading-genz-agency\/","url":"https:\/\/www.nazca.es\/en\/noticias\/soy-olivia-media-group-joins-with-bushido-talent-a-leading-genz-agency\/","name":"Soy Olivia Media Group joins with Bushido Talent, a leading genz agency | Nazca","isPartOf":{"@id":"https:\/\/www.nazca.es\/en\/#website"},"primaryImageOfPage":{"@id":"https:\/\/www.nazca.es\/en\/noticias\/soy-olivia-media-group-joins-with-bushido-talent-a-leading-genz-agency\/#primaryimage"},"image":{"@id":"https:\/\/www.nazca.es\/en\/noticias\/soy-olivia-media-group-joins-with-bushido-talent-a-leading-genz-agency\/#primaryimage"},"thumbnailUrl":"https:\/\/www.nazca.es\/wp-content\/uploads\/2023\/07\/noticia-olivia-grande-1.jpg","datePublished":"2023-07-28T11:07:40+00:00","dateModified":"2023-07-28T11:10:18+00:00","breadcrumb":{"@id":"https:\/\/www.nazca.es\/en\/noticias\/soy-olivia-media-group-joins-with-bushido-talent-a-leading-genz-agency\/#breadcrumb"},"inLanguage":"en-US","potentialAction":[{"@type":"ReadAction","target":["https:\/\/www.nazca.es\/en\/noticias\/soy-olivia-media-group-joins-with-bushido-talent-a-leading-genz-agency\/"]}]},{"@type":"ImageObject","inLanguage":"en-US","@id":"https:\/\/www.nazca.es\/en\/noticias\/soy-olivia-media-group-joins-with-bushido-talent-a-leading-genz-agency\/#primaryimage","url":"https:\/\/www.nazca.es\/wp-content\/uploads\/2023\/07\/noticia-olivia-grande-1.jpg","contentUrl":"https:\/\/www.nazca.es\/wp-content\/uploads\/2023\/07\/noticia-olivia-grande-1.jpg","width":1300,"height":731},{"@type":"BreadcrumbList","@id":"https:\/\/www.nazca.es\/en\/noticias\/soy-olivia-media-group-joins-with-bushido-talent-a-leading-genz-agency\/#breadcrumb","itemListElement":[{"@type":"ListItem","position":1,"name":"Home","item":"https:\/\/www.nazca.es\/en\/"},{"@type":"ListItem","position":2,"name":"Soy Olivia Media Group joins with Bushido Talent, a leading genz agency"}]},{"@type":"WebSite","@id":"https:\/\/www.nazca.es\/en\/#website","url":"https:\/\/www.nazca.es\/en\/","name":"Nazca","description":"Private Equity","publisher":{"@id":"https:\/\/www.nazca.es\/en\/#organization"},"potentialAction":[{"@type":"SearchAction","target":{"@type":"EntryPoint","urlTemplate":"https:\/\/www.nazca.es\/en\/?s={search_term_string}"},"query-input":{"@type":"PropertyValueSpecification","valueRequired":true,"valueName":"search_term_string"}}],"inLanguage":"en-US"},{"@type":"Organization","@id":"https:\/\/www.nazca.es\/en\/#organization","name":"Nazca","url":"https:\/\/www.nazca.es\/en\/","logo":{"@type":"ImageObject","inLanguage":"en-US","@id":"https:\/\/www.nazca.es\/en\/#\/schema\/logo\/image\/","url":"https:\/\/www.nazca.es\/wp-content\/uploads\/2026\/01\/logo-header.png","contentUrl":"https:\/\/www.nazca.es\/wp-content\/uploads\/2026\/01\/logo-header.png","width":93,"height":59,"caption":"Nazca"},"image":{"@id":"https:\/\/www.nazca.es\/en\/#\/schema\/logo\/image\/"}},{"@type":"Person","@id":"https:\/\/www.nazca.es\/en\/#\/schema\/person\/54967e453a4045cfd2a24b075c3aa8b6","name":"nazcaEstra","image":{"@type":"ImageObject","inLanguage":"en-US","@id":"https:\/\/www.nazca.es\/en\/#\/schema\/person\/image\/","url":"https:\/\/secure.gravatar.com\/avatar\/1e7b9c6a55e1195f78c4f527f44d4745efd88a708eb80406b90771d4d4703e86?s=96&d=mm&r=g","contentUrl":"https:\/\/secure.gravatar.com\/avatar\/1e7b9c6a55e1195f78c4f527f44d4745efd88a708eb80406b90771d4d4703e86?s=96&d=mm&r=g","caption":"nazcaEstra"}}]}},"_links":{"self":[{"href":"https:\/\/www.nazca.es\/en\/wp-json\/wp\/v2\/posts\/8930","targetHints":{"allow":["GET"]}}],"collection":[{"href":"https:\/\/www.nazca.es\/en\/wp-json\/wp\/v2\/posts"}],"about":[{"href":"https:\/\/www.nazca.es\/en\/wp-json\/wp\/v2\/types\/post"}],"author":[{"embeddable":true,"href":"https:\/\/www.nazca.es\/en\/wp-json\/wp\/v2\/users\/1"}],"replies":[{"embeddable":true,"href":"https:\/\/www.nazca.es\/en\/wp-json\/wp\/v2\/comments?post=8930"}],"version-history":[{"count":2,"href":"https:\/\/www.nazca.es\/en\/wp-json\/wp\/v2\/posts\/8930\/revisions"}],"predecessor-version":[{"id":8932,"href":"https:\/\/www.nazca.es\/en\/wp-json\/wp\/v2\/posts\/8930\/revisions\/8932"}],"wp:featuredmedia":[{"embeddable":true,"href":"https:\/\/www.nazca.es\/en\/wp-json\/wp\/v2\/media\/8924"}],"wp:attachment":[{"href":"https:\/\/www.nazca.es\/en\/wp-json\/wp\/v2\/media?parent=8930"}],"wp:term":[{"taxonomy":"category","embeddable":true,"href":"https:\/\/www.nazca.es\/en\/wp-json\/wp\/v2\/categories?post=8930"},{"taxonomy":"post_tag","embeddable":true,"href":"https:\/\/www.nazca.es\/en\/wp-json\/wp\/v2\/tags?post=8930"}],"curies":[{"name":"wp","href":"https:\/\/api.w.org\/{rel}","templated":true}]}}